{"id":1914,"date":"2020-02-02T15:46:00","date_gmt":"2020-02-02T14:46:00","guid":{"rendered":"https:\/\/www.kochchaot.de\/?p=1914"},"modified":"2021-09-05T22:27:10","modified_gmt":"2021-09-05T20:27:10","slug":"pico-del-teide","status":"publish","type":"post","link":"https:\/\/www.kochchaot.de\/?p=1914","title":{"rendered":"Pico del Teide"},"content":{"rendered":"\n<p>Der Pico del Teide ist mit 3715 m die h\u00f6chste Erhebung auf der kanarischen Insel Teneriffa und der h\u00f6chste Berg auf spanischem Staatsgebiet. Der mit 7500 m H\u00f6he \u00fcber dem Meeresboden dritth\u00f6chste Inselvulkan der Erde.<\/p>\n\n\n\n<figure class=\"wp-block-image size-large\"><img loading=\"lazy\" decoding=\"async\" width=\"1024\" height=\"683\" src=\"https:\/\/www.kochchaot.de\/wp-content\/uploads\/2020\/12\/Teide_06-1024x683.jpg\" alt=\"\" class=\"wp-image-1915\" srcset=\"https:\/\/www.kochchaot.de\/wp-content\/uploads\/2020\/12\/Teide_06-1024x683.jpg 1024w, https:\/\/www.kochchaot.de\/wp-content\/uploads\/2020\/12\/Teide_06-600x400.jpg 600w, https:\/\/www.kochchaot.de\/wp-content\/uploads\/2020\/12\/Teide_06-1536x1024.jpg 1536w, https:\/\/www.kochchaot.de\/wp-content\/uploads\/2020\/12\/Teide_06-2048x1365.jpg 2048w\" sizes=\"auto, (max-width: 1024px) 100vw, 1024px\" \/><figcaption>Pico del Teide<\/figcaption><\/figure>\n\n\n\n<figure class=\"wp-block-image size-large\"><img loading=\"lazy\" decoding=\"async\" width=\"1024\" height=\"768\" src=\"https:\/\/www.kochchaot.de\/wp-content\/uploads\/2020\/12\/Teide_09-1024x768.jpg\" alt=\"\" class=\"wp-image-1916\" srcset=\"https:\/\/www.kochchaot.de\/wp-content\/uploads\/2020\/12\/Teide_09-1024x768.jpg 1024w, https:\/\/www.kochchaot.de\/wp-content\/uploads\/2020\/12\/Teide_09-600x450.jpg 600w, https:\/\/www.kochchaot.de\/wp-content\/uploads\/2020\/12\/Teide_09-1536x1152.jpg 1536w, https:\/\/www.kochchaot.de\/wp-content\/uploads\/2020\/12\/Teide_09-2048x1536.jpg 2048w\" sizes=\"auto, (max-width: 1024px) 100vw, 1024px\" \/><figcaption>Angekommen auf dem Teidegipfel El Pit\u00f3n. <br>Im Hintergrund die Kanareninseln La Gomera und La Frontera.<\/figcaption><\/figure>\n\n\n\n<figure class=\"wp-block-image size-large\"><img loading=\"lazy\" decoding=\"async\" width=\"1024\" height=\"683\" src=\"https:\/\/www.kochchaot.de\/wp-content\/uploads\/2020\/12\/Teide_04-1024x683.jpg\" alt=\"\" class=\"wp-image-1918\" srcset=\"https:\/\/www.kochchaot.de\/wp-content\/uploads\/2020\/12\/Teide_04-1024x683.jpg 1024w, https:\/\/www.kochchaot.de\/wp-content\/uploads\/2020\/12\/Teide_04-600x400.jpg 600w, https:\/\/www.kochchaot.de\/wp-content\/uploads\/2020\/12\/Teide_04-1536x1024.jpg 1536w, https:\/\/www.kochchaot.de\/wp-content\/uploads\/2020\/12\/Teide_04-2048x1365.jpg 2048w\" sizes=\"auto, (max-width: 1024px) 100vw, 1024px\" \/><figcaption>Blick von Teide nach S\u00fcden auf die Caldera de las Ca\u00f1adas<\/figcaption><\/figure>\n\n\n\n<figure class=\"wp-block-image size-large\"><img loading=\"lazy\" decoding=\"async\" width=\"1024\" height=\"683\" src=\"https:\/\/www.kochchaot.de\/wp-content\/uploads\/2020\/12\/Teide_07-1024x683.jpg\" alt=\"\" class=\"wp-image-1919\" srcset=\"https:\/\/www.kochchaot.de\/wp-content\/uploads\/2020\/12\/Teide_07-1024x683.jpg 1024w, https:\/\/www.kochchaot.de\/wp-content\/uploads\/2020\/12\/Teide_07-600x400.jpg 600w, https:\/\/www.kochchaot.de\/wp-content\/uploads\/2020\/12\/Teide_07-1536x1024.jpg 1536w, https:\/\/www.kochchaot.de\/wp-content\/uploads\/2020\/12\/Teide_07-2048x1365.jpg 2048w\" sizes=\"auto, (max-width: 1024px) 100vw, 1024px\" \/><figcaption>Roque Cinchado und Teide<\/figcaption><\/figure>\n\n\n\n<figure class=\"wp-block-image size-large\"><img loading=\"lazy\" decoding=\"async\" width=\"1024\" height=\"683\" src=\"https:\/\/www.kochchaot.de\/wp-content\/uploads\/2020\/12\/Teide_08-1024x683.jpg\" alt=\"\" class=\"wp-image-1920\" srcset=\"https:\/\/www.kochchaot.de\/wp-content\/uploads\/2020\/12\/Teide_08-1024x683.jpg 1024w, https:\/\/www.kochchaot.de\/wp-content\/uploads\/2020\/12\/Teide_08-600x400.jpg 600w, https:\/\/www.kochchaot.de\/wp-content\/uploads\/2020\/12\/Teide_08-1536x1024.jpg 1536w, https:\/\/www.kochchaot.de\/wp-content\/uploads\/2020\/12\/Teide_08-2048x1365.jpg 2048w\" sizes=\"auto, (max-width: 1024px) 100vw, 1024px\" \/><figcaption>Pico del Teide<\/figcaption><\/figure>\n\n\n\n<figure class=\"wp-block-image size-large\"><img loading=\"lazy\" decoding=\"async\" width=\"1024\" height=\"768\" src=\"https:\/\/www.kochchaot.de\/wp-content\/uploads\/2020\/12\/Teide_10-1024x768.jpg\" alt=\"\" class=\"wp-image-1921\" srcset=\"https:\/\/www.kochchaot.de\/wp-content\/uploads\/2020\/12\/Teide_10-1024x768.jpg 1024w, https:\/\/www.kochchaot.de\/wp-content\/uploads\/2020\/12\/Teide_10-600x450.jpg 600w, https:\/\/www.kochchaot.de\/wp-content\/uploads\/2020\/12\/Teide_10-1536x1152.jpg 1536w, https:\/\/www.kochchaot.de\/wp-content\/uploads\/2020\/12\/Teide_10-2048x1536.jpg 2048w\" sizes=\"auto, (max-width: 1024px) 100vw, 1024px\" \/><figcaption>Der Pico del Teide am Abend von Puerto de la Cruz aus gesehen<\/figcaption><\/figure>\n","protected":false},"excerpt":{"rendered":"<p>Der Pico del Teide ist mit 3715 m die h\u00f6chste Erhebung auf der kanarischen Insel Teneriffa und der h\u00f6chste Berg auf spanischem Staatsgebiet. Der mit 7500 m H\u00f6he \u00fcber dem Meeresboden dritth\u00f6chste Inselvulkan der Erde.<\/p>\n","protected":false},"author":2,"featured_media":1919,"comment_status":"closed","ping_status":"open","sticky":false,"template":"","format":"standard","meta":{"footnotes":""},"categories":[13,87,136,84],"tags":[],"class_list":["post-1914","post","type-post","status-publish","format-standard","has-post-thumbnail","hentry","category-landscape","category-spain","category-teneriffa2020","category-unterwegs","post-grid-2-col","entry"],"_links":{"self":[{"href":"https:\/\/www.kochchaot.de\/index.php?rest_route=\/wp\/v2\/posts\/1914","targetHints":{"allow":["GET"]}}],"collection":[{"href":"https:\/\/www.kochchaot.de\/index.php?rest_route=\/wp\/v2\/posts"}],"about":[{"href":"https:\/\/www.kochchaot.de\/index.php?rest_route=\/wp\/v2\/types\/post"}],"author":[{"embeddable":true,"href":"https:\/\/www.kochchaot.de\/index.php?rest_route=\/wp\/v2\/users\/2"}],"replies":[{"embeddable":true,"href":"https:\/\/www.kochchaot.de\/index.php?rest_route=%2Fwp%2Fv2%2Fcomments&post=1914"}],"version-history":[{"count":1,"href":"https:\/\/www.kochchaot.de\/index.php?rest_route=\/wp\/v2\/posts\/1914\/revisions"}],"predecessor-version":[{"id":1922,"href":"https:\/\/www.kochchaot.de\/index.php?rest_route=\/wp\/v2\/posts\/1914\/revisions\/1922"}],"wp:featuredmedia":[{"embeddable":true,"href":"https:\/\/www.kochchaot.de\/index.php?rest_route=\/wp\/v2\/media\/1919"}],"wp:attachment":[{"href":"https:\/\/www.kochchaot.de\/index.php?rest_route=%2Fwp%2Fv2%2Fmedia&parent=1914"}],"wp:term":[{"taxonomy":"category","embeddable":true,"href":"https:\/\/www.kochchaot.de\/index.php?rest_route=%2Fwp%2Fv2%2Fcategories&post=1914"},{"taxonomy":"post_tag","embeddable":true,"href":"https:\/\/www.kochchaot.de\/index.php?rest_route=%2Fwp%2Fv2%2Ftags&post=1914"}],"curies":[{"name":"wp","href":"https:\/\/api.w.org\/{rel}","templated":true}]}}