{"id":1628,"date":"2019-03-16T16:13:18","date_gmt":"2019-03-16T15:13:18","guid":{"rendered":"https:\/\/www.kochchaot.de\/?p=1628"},"modified":"2022-12-29T16:51:00","modified_gmt":"2022-12-29T15:51:00","slug":"ponte-25-de-abril-sobre-o-tejo","status":"publish","type":"post","link":"https:\/\/www.kochchaot.de\/?p=1628","title":{"rendered":"Ponte 25 de Abril &#8211; sobre o Tejo"},"content":{"rendered":"\n<figure class=\"wp-block-image size-large\"><img loading=\"lazy\" decoding=\"async\" width=\"1024\" height=\"683\" src=\"https:\/\/www.kochchaot.de\/wp-content\/uploads\/2020\/02\/Bruecke_02-1024x683.jpg\" alt=\"\" class=\"wp-image-1542\" srcset=\"https:\/\/www.kochchaot.de\/wp-content\/uploads\/2020\/02\/Bruecke_02-1024x683.jpg 1024w, https:\/\/www.kochchaot.de\/wp-content\/uploads\/2020\/02\/Bruecke_02-600x400.jpg 600w\" sizes=\"auto, (max-width: 1024px) 100vw, 1024px\" \/><\/figure>\n\n\n<p>Die Ponte 25 de Abril\u00a0 ist ein 3,2 Kilometer langer Br\u00fcckenzug in Portugal mit einer 2278 Meter langen H\u00e4ngebr\u00fccke \u00fcber den Tejo. Sie ist weltweit, nach der Yavuz-Sultan-Selim-Br\u00fccke und der Tsing-Ma-Br\u00fccke, die drittl\u00e4ngste H\u00e4ngebr\u00fccke mit kombiniertem Stra\u00dfen- und Eisenbahnverkehr. Sie verbindet seit 1966 in Nord-S\u00fcd-Richtung den Lissabonner Stadtteil Alc\u00e2ntara mit der Stadt Almada.<\/p>\n<p><img loading=\"lazy\" decoding=\"async\" class=\"alignnone size-large wp-image-1544\" src=\"https:\/\/www.kochchaot.de\/wp-content\/uploads\/2020\/02\/Bruecke_04-1024x683.jpg\" alt=\"\" width=\"869\" height=\"580\" srcset=\"https:\/\/www.kochchaot.de\/wp-content\/uploads\/2020\/02\/Bruecke_04-1024x683.jpg 1024w, https:\/\/www.kochchaot.de\/wp-content\/uploads\/2020\/02\/Bruecke_04-600x400.jpg 600w\" sizes=\"auto, (max-width: 869px) 100vw, 869px\" \/><\/p>\n<p><img loading=\"lazy\" decoding=\"async\" class=\"alignnone size-large wp-image-1543\" src=\"https:\/\/www.kochchaot.de\/wp-content\/uploads\/2020\/02\/Bruecke_03-683x1024.jpg\" alt=\"\" width=\"683\" height=\"1024\" srcset=\"https:\/\/www.kochchaot.de\/wp-content\/uploads\/2020\/02\/Bruecke_03-683x1024.jpg 683w, https:\/\/www.kochchaot.de\/wp-content\/uploads\/2020\/02\/Bruecke_03-400x600.jpg 400w\" sizes=\"auto, (max-width: 683px) 100vw, 683px\" \/><\/p>\n<p><img loading=\"lazy\" decoding=\"async\" class=\"alignnone size-large wp-image-1541\" src=\"https:\/\/www.kochchaot.de\/wp-content\/uploads\/2020\/02\/Bruecke_01-1024x683.jpg\" alt=\"\" width=\"869\" height=\"580\" srcset=\"https:\/\/www.kochchaot.de\/wp-content\/uploads\/2020\/02\/Bruecke_01-1024x683.jpg 1024w, https:\/\/www.kochchaot.de\/wp-content\/uploads\/2020\/02\/Bruecke_01-600x400.jpg 600w\" sizes=\"auto, (max-width: 869px) 100vw, 869px\" \/><\/p>","protected":false},"excerpt":{"rendered":"<p>Die Ponte 25 de Abril\u00a0 ist ein 3,2 Kilometer langer Br\u00fcckenzug in Portugal mit einer 2278 Meter langen H\u00e4ngebr\u00fccke \u00fcber den Tejo. Sie ist weltweit, nach der Yavuz-Sultan-Selim-Br\u00fccke und der Tsing-Ma-Br\u00fccke, die drittl\u00e4ngste H\u00e4ngebr\u00fccke mit kombiniertem Stra\u00dfen- und Eisenbahnverkehr. Sie verbindet seit 1966 in Nord-S\u00fcd-Richtung den Lissabonner Stadtteil Alc\u00e2ntara mit der Stadt Almada.<\/p>\n","protected":false},"author":2,"featured_media":1542,"comment_status":"closed","ping_status":"open","sticky":false,"template":"","format":"standard","meta":{"footnotes":""},"categories":[141,13,132,69,84],"tags":[],"class_list":["post-1628","post","type-post","status-publish","format-standard","has-post-thumbnail","hentry","category-architektur","category-landscape","category-lissabon2019","category-portugal","category-unterwegs","post-grid-2-col","entry"],"_links":{"self":[{"href":"https:\/\/www.kochchaot.de\/index.php?rest_route=\/wp\/v2\/posts\/1628","targetHints":{"allow":["GET"]}}],"collection":[{"href":"https:\/\/www.kochchaot.de\/index.php?rest_route=\/wp\/v2\/posts"}],"about":[{"href":"https:\/\/www.kochchaot.de\/index.php?rest_route=\/wp\/v2\/types\/post"}],"author":[{"embeddable":true,"href":"https:\/\/www.kochchaot.de\/index.php?rest_route=\/wp\/v2\/users\/2"}],"replies":[{"embeddable":true,"href":"https:\/\/www.kochchaot.de\/index.php?rest_route=%2Fwp%2Fv2%2Fcomments&post=1628"}],"version-history":[{"count":4,"href":"https:\/\/www.kochchaot.de\/index.php?rest_route=\/wp\/v2\/posts\/1628\/revisions"}],"predecessor-version":[{"id":1793,"href":"https:\/\/www.kochchaot.de\/index.php?rest_route=\/wp\/v2\/posts\/1628\/revisions\/1793"}],"wp:featuredmedia":[{"embeddable":true,"href":"https:\/\/www.kochchaot.de\/index.php?rest_route=\/wp\/v2\/media\/1542"}],"wp:attachment":[{"href":"https:\/\/www.kochchaot.de\/index.php?rest_route=%2Fwp%2Fv2%2Fmedia&parent=1628"}],"wp:term":[{"taxonomy":"category","embeddable":true,"href":"https:\/\/www.kochchaot.de\/index.php?rest_route=%2Fwp%2Fv2%2Fcategories&post=1628"},{"taxonomy":"post_tag","embeddable":true,"href":"https:\/\/www.kochchaot.de\/index.php?rest_route=%2Fwp%2Fv2%2Ftags&post=1628"}],"curies":[{"name":"wp","href":"https:\/\/api.w.org\/{rel}","templated":true}]}}