{"id":1618,"date":"2019-03-11T16:01:21","date_gmt":"2019-03-11T15:01:21","guid":{"rendered":"https:\/\/www.kochchaot.de\/?p=1618"},"modified":"2022-12-29T17:00:20","modified_gmt":"2022-12-29T16:00:20","slug":"electrico-de-lisboa","status":"publish","type":"post","link":"https:\/\/www.kochchaot.de\/?p=1618","title":{"rendered":"El\u00e9ctrico de Lisboa"},"content":{"rendered":"\n<figure class=\"wp-block-image size-large\"><img loading=\"lazy\" decoding=\"async\" width=\"1024\" height=\"683\" src=\"https:\/\/www.kochchaot.de\/wp-content\/uploads\/2020\/02\/Electrico_01-1024x683.jpg\" alt=\"\" class=\"wp-image-1562\" srcset=\"https:\/\/www.kochchaot.de\/wp-content\/uploads\/2020\/02\/Electrico_01-1024x683.jpg 1024w, https:\/\/www.kochchaot.de\/wp-content\/uploads\/2020\/02\/Electrico_01-600x400.jpg 600w\" sizes=\"auto, (max-width: 1024px) 100vw, 1024px\" \/><\/figure>\n\n\n\n<p>Die Carros el\u00e9ctricos de Lisboa existiert seit 1873. Sie wurde zun\u00e4chst als Pferdestra\u00dfenbahn er\u00f6ffnet und wird seit 1901 elektrisch betrieben. Die mit Gleisen der Spurweite von 900 Millimetern ausger\u00fcstete Stra\u00dfenbahn ist wegen ihres teilweise historischen Fahrzeugparks und der reizvollen Streckenf\u00fchrung mit steilen Abschnitten und engen Kurven durch die schmalen Gassen der Lissaboner Altstadt bekannt.<\/p>\n\n\n\n<div class=\"wp-block-group\"><div class=\"wp-block-group__inner-container is-layout-flow wp-block-group-is-layout-flow\">\n<figure class=\"wp-block-gallery aligncenter columns-2 is-cropped wp-block-gallery-1 is-layout-flex wp-block-gallery-is-layout-flex\"><ul class=\"blocks-gallery-grid\"><li class=\"blocks-gallery-item\"><figure><img loading=\"lazy\" decoding=\"async\" width=\"1024\" height=\"683\" src=\"https:\/\/www.kochchaot.de\/wp-content\/uploads\/2020\/02\/Electrico_05-1024x683.jpg\" alt=\"\" data-id=\"1566\" data-full-url=\"https:\/\/www.kochchaot.de\/wp-content\/uploads\/2020\/02\/Electrico_05.jpg\" data-link=\"https:\/\/www.kochchaot.de\/?attachment_id=1566\" class=\"wp-image-1566\" srcset=\"https:\/\/www.kochchaot.de\/wp-content\/uploads\/2020\/02\/Electrico_05-1024x683.jpg 1024w, https:\/\/www.kochchaot.de\/wp-content\/uploads\/2020\/02\/Electrico_05-600x400.jpg 600w\" sizes=\"auto, (max-width: 1024px) 100vw, 1024px\" \/><\/figure><\/li><li class=\"blocks-gallery-item\"><figure><img loading=\"lazy\" decoding=\"async\" width=\"1024\" height=\"683\" src=\"https:\/\/www.kochchaot.de\/wp-content\/uploads\/2020\/02\/Electrico_02-1024x683.jpg\" alt=\"\" data-id=\"1563\" data-full-url=\"https:\/\/www.kochchaot.de\/wp-content\/uploads\/2020\/02\/Electrico_02.jpg\" data-link=\"https:\/\/www.kochchaot.de\/?attachment_id=1563\" class=\"wp-image-1563\" srcset=\"https:\/\/www.kochchaot.de\/wp-content\/uploads\/2020\/02\/Electrico_02-1024x683.jpg 1024w, https:\/\/www.kochchaot.de\/wp-content\/uploads\/2020\/02\/Electrico_02-600x400.jpg 600w\" sizes=\"auto, (max-width: 1024px) 100vw, 1024px\" \/><\/figure><\/li><li class=\"blocks-gallery-item\"><figure><img loading=\"lazy\" decoding=\"async\" width=\"1024\" height=\"683\" src=\"https:\/\/www.kochchaot.de\/wp-content\/uploads\/2020\/02\/Electrico_03-1024x683.jpg\" alt=\"\" data-id=\"1564\" data-full-url=\"https:\/\/www.kochchaot.de\/wp-content\/uploads\/2020\/02\/Electrico_03.jpg\" data-link=\"https:\/\/www.kochchaot.de\/?attachment_id=1564\" class=\"wp-image-1564\" srcset=\"https:\/\/www.kochchaot.de\/wp-content\/uploads\/2020\/02\/Electrico_03-1024x683.jpg 1024w, https:\/\/www.kochchaot.de\/wp-content\/uploads\/2020\/02\/Electrico_03-600x400.jpg 600w\" sizes=\"auto, (max-width: 1024px) 100vw, 1024px\" \/><\/figure><\/li><li class=\"blocks-gallery-item\"><figure><img loading=\"lazy\" decoding=\"async\" width=\"1024\" height=\"683\" src=\"https:\/\/www.kochchaot.de\/wp-content\/uploads\/2020\/02\/Electrico_06-1024x683.jpg\" alt=\"\" data-id=\"1567\" data-full-url=\"https:\/\/www.kochchaot.de\/wp-content\/uploads\/2020\/02\/Electrico_06.jpg\" data-link=\"https:\/\/www.kochchaot.de\/?attachment_id=1567\" class=\"wp-image-1567\" srcset=\"https:\/\/www.kochchaot.de\/wp-content\/uploads\/2020\/02\/Electrico_06-1024x683.jpg 1024w, https:\/\/www.kochchaot.de\/wp-content\/uploads\/2020\/02\/Electrico_06-600x400.jpg 600w\" sizes=\"auto, (max-width: 1024px) 100vw, 1024px\" \/><\/figure><\/li><li class=\"blocks-gallery-item\"><figure><img loading=\"lazy\" decoding=\"async\" width=\"1024\" height=\"683\" src=\"https:\/\/www.kochchaot.de\/wp-content\/uploads\/2020\/02\/Electrico_04-1024x683.jpg\" alt=\"\" data-id=\"1565\" data-full-url=\"https:\/\/www.kochchaot.de\/wp-content\/uploads\/2020\/02\/Electrico_04.jpg\" data-link=\"https:\/\/www.kochchaot.de\/?attachment_id=1565\" class=\"wp-image-1565\" srcset=\"https:\/\/www.kochchaot.de\/wp-content\/uploads\/2020\/02\/Electrico_04-1024x683.jpg 1024w, https:\/\/www.kochchaot.de\/wp-content\/uploads\/2020\/02\/Electrico_04-600x400.jpg 600w\" sizes=\"auto, (max-width: 1024px) 100vw, 1024px\" \/><\/figure><\/li><\/ul><\/figure>\n<\/div><\/div>\n\n\n\n<p><\/p>\n","protected":false},"excerpt":{"rendered":"<p>Die Carros el\u00e9ctricos de Lisboa existiert seit 1873. Sie wurde zun\u00e4chst als Pferdestra\u00dfenbahn er\u00f6ffnet und wird seit 1901 elektrisch betrieben. Die mit Gleisen der Spurweite von 900 Millimetern ausger\u00fcstete Stra\u00dfenbahn ist wegen ihres teilweise historischen Fahrzeugparks und der reizvollen Streckenf\u00fchrung mit steilen Abschnitten und engen Kurven durch die schmalen Gassen der Lissaboner Altstadt bekannt.<\/p>\n","protected":false},"author":2,"featured_media":1562,"comment_status":"closed","ping_status":"open","sticky":false,"template":"","format":"standard","meta":{"footnotes":""},"categories":[142,13,132,69,84],"tags":[],"class_list":["post-1618","post","type-post","status-publish","format-standard","has-post-thumbnail","hentry","category-fortbewegung","category-landscape","category-lissabon2019","category-portugal","category-unterwegs","post-grid-2-col","entry"],"_links":{"self":[{"href":"https:\/\/www.kochchaot.de\/index.php?rest_route=\/wp\/v2\/posts\/1618","targetHints":{"allow":["GET"]}}],"collection":[{"href":"https:\/\/www.kochchaot.de\/index.php?rest_route=\/wp\/v2\/posts"}],"about":[{"href":"https:\/\/www.kochchaot.de\/index.php?rest_route=\/wp\/v2\/types\/post"}],"author":[{"embeddable":true,"href":"https:\/\/www.kochchaot.de\/index.php?rest_route=\/wp\/v2\/users\/2"}],"replies":[{"embeddable":true,"href":"https:\/\/www.kochchaot.de\/index.php?rest_route=%2Fwp%2Fv2%2Fcomments&post=1618"}],"version-history":[{"count":4,"href":"https:\/\/www.kochchaot.de\/index.php?rest_route=\/wp\/v2\/posts\/1618\/revisions"}],"predecessor-version":[{"id":1809,"href":"https:\/\/www.kochchaot.de\/index.php?rest_route=\/wp\/v2\/posts\/1618\/revisions\/1809"}],"wp:featuredmedia":[{"embeddable":true,"href":"https:\/\/www.kochchaot.de\/index.php?rest_route=\/wp\/v2\/media\/1562"}],"wp:attachment":[{"href":"https:\/\/www.kochchaot.de\/index.php?rest_route=%2Fwp%2Fv2%2Fmedia&parent=1618"}],"wp:term":[{"taxonomy":"category","embeddable":true,"href":"https:\/\/www.kochchaot.de\/index.php?rest_route=%2Fwp%2Fv2%2Fcategories&post=1618"},{"taxonomy":"post_tag","embeddable":true,"href":"https:\/\/www.kochchaot.de\/index.php?rest_route=%2Fwp%2Fv2%2Ftags&post=1618"}],"curies":[{"name":"wp","href":"https:\/\/api.w.org\/{rel}","templated":true}]}}